{"id":94,"date":"2025-01-24T11:37:05","date_gmt":"2025-01-24T11:37:05","guid":{"rendered":"https:\/\/cremaldi.com\/blog\/?p=94"},"modified":"2025-07-09T09:59:02","modified_gmt":"2025-07-09T09:59:02","slug":"san-valentin-y-nata-montada","status":"publish","type":"post","link":"https:\/\/cremaldi.com\/blog\/san-valentin-y-nata-montada\/","title":{"rendered":"San Valent\u00edn: La nata montada puede marcar la diferencia en tu men\u00fa"},"content":{"rendered":"\n<p>El D\u00eda de San Valent\u00edn es la fecha perfecta para que los negocios de reposter\u00eda y pasteler\u00eda destaquen ofreciendo creaciones rom\u00e1nticas e irresistibles, siempre con un toque de chocolate y nata montada.<\/p>\n\n\n\n<p>Desde tartas personalizadas hasta copas de fresas con nata, la clave est\u00e1 en los detalles. Incorporar nata montada en tus postres tem\u00e1ticos puede llegar a ser ese toque especial que conquistar\u00e1 los corazones (y los paladares) de tus clientes. Pero, \u00bfc\u00f3mo manejar la alta demanda en una fecha tan se\u00f1alada? Aqu\u00ed es donde la montadora de nata Mini Bako MMB y el Ba\u00f1o Mar\u00eda el\u00e9ctrico entran en juego.<\/p>\n\n\n\n<p>Con herramientas profesionales y una planificaci\u00f3n anticipada, puedes dise\u00f1ar un men\u00fa San Valent\u00edn inolvidable que haga que tus clientes vuelvan por m\u00e1s.<\/p>\n\n\n\n<h3 class=\"wp-block-heading\"><strong>La nata montada: un aliado indispensable en postres rom\u00e1nticos<\/strong><\/h3>\n\n\n\n<p>La nata montada es uno de los ingredientes m\u00e1s vers\u00e1tiles y elegantes en reposter\u00eda. Su textura ligera y su sabor neutro la convierten en el acompa\u00f1amiento perfecto para casi cualquier postre, desde fresas hasta tartas y mousses. Algunas ideas para usar nata montada en decoraciones rom\u00e1nticas incluyen:<\/p>\n\n\n\n<ol class=\"wp-block-list\">\n<li>Copas con fresas y nata\n<ul class=\"wp-block-list\">\n<li>Decora copas con nata montada, fresas frescas y un toque de chocolate rallado. Un cl\u00e1sico que nunca pasa de moda.<\/li>\n<\/ul>\n<\/li>\n\n\n\n<li>Tartas personalizadas\n<ul class=\"wp-block-list\">\n<li>Utiliza nata montada para cubrir tartas y escribe mensajes rom\u00e1nticos con chocolate o glaseado.<\/li>\n<\/ul>\n<\/li>\n\n\n\n<li>Gofres tem\u00e1ticos\n<ul class=\"wp-block-list\">\n<li>Sirve gofres en forma de coraz\u00f3n, decorados con nata montada, frutas rojas y sirope de chocolate.<\/li>\n<\/ul>\n<\/li>\n\n\n\n<li>Postres para compartir\n<ul class=\"wp-block-list\">\n<li>Dise\u00f1a un postre para dos personas con diferentes capas de nata, frutas y bizcocho en un vaso o plato especial.<\/li>\n<\/ul>\n<\/li>\n<\/ol>\n\n\n\n<p>Estas opciones pueden convertirse en los favoritos de tu men\u00fa San Valent\u00edn.<\/p>\n\n\n\n<h3 class=\"wp-block-heading\"><strong>Mini Bako MMB: La herramienta ideal para la alta demanda<\/strong><\/h3>\n\n\n\n<p>El \u00e9xito en fechas como San Valent\u00edn depende de la capacidad de manejar un alto volumen de pedidos sin comprometer la calidad. La<a href=\"https:\/\/cremaldi.com\/maquinas-pasteleria\/21-mini-bako-mmb-montadora-de-nata-pasteleria.html\"> montadora de nata Mini Bako MMB<\/a> es perfecta para cumplir con esta tarea. Esta m\u00e1quina profesional ofrece ventajas clave:<\/p>\n\n\n\n<ul class=\"wp-block-list\">\n<li>Capacidad de producci\u00f3n: Puede montar hasta 300 litros de nata por hora, ideal para mantener un flujo continuo de trabajo.<\/li>\n\n\n\n<li>Montaje directo desde el dep\u00f3sito: Su dise\u00f1o permite succionar directamente la nata desde un dep\u00f3sito independiente, logrando un gran volumen y estabilidad.<\/li>\n\n\n\n<li>F\u00e1cil manejo: Su tama\u00f1o compacto y su manipulaci\u00f3n sencilla la hacen perfecta para obradores con espacio limitado.<\/li>\n<\/ul>\n\n\n\n<p>Adem\u00e1s, es ideal para crear nata dulce para rellenos. Solo necesitas agregar entre 150 y 200 gramos de az\u00facar por litro de nata al inicio del proceso de montado. La Mini Bako MMB no solo agiliza tu producci\u00f3n, sino que tambi\u00e9n garantiza una calidad constante en cada preparaci\u00f3n.<\/p>\n\n\n\n<h3 class=\"wp-block-heading\"><strong>El chocolate: un imprescindible en San Valent\u00edn<\/strong><\/h3>\n\n\n\n<p>Si hay un ingrediente que nunca puede faltar en un men\u00fa San Valent\u00edn, ese es el chocolate. Desde salsas para postres hasta decoraciones, el chocolate es un s\u00edmbolo de amor. Sin embargo, trabajarlo puede ser un desaf\u00edo, ya que requiere una temperatura controlada para evitar que se queme o pierda su textura.<\/p>\n\n\n\n<p>El<a href=\"https:\/\/cremaldi.com\/maquinas-heladeria\/105-bano-maria-electrico-con-agua-3-gn-1-6.html\"> Ba\u00f1o Mar\u00eda el\u00e9ctrico<\/a> es la soluci\u00f3n perfecta para fundir chocolate de manera segura y eficiente. Sus caracter\u00edsticas incluyen:<\/p>\n\n\n\n<ul class=\"wp-block-list\">\n<li>Temperatura regulable: Termostato ajustable de 30 \u00b0C a 100 \u00b0C, ideal para fundir chocolate sin riesgo de quemarlo.<\/li>\n\n\n\n<li>Material de alta calidad: Bastidor de acero inoxidable, dise\u00f1ado para un uso profesional y duradero.<\/li>\n\n\n\n<li>Versatilidad: Compatible con bandejas gastronorm GN 1\/6 y GN 1\/3, lo que te permite calentar diferentes elaboraciones delicadas.<\/li>\n<\/ul>\n\n\n\n<p>Con el Ba\u00f1o Mar\u00eda, puedes preparar salsas de chocolate, glaseados o decoraciones personalizadas para tus postres rom\u00e1nticos. Adem\u00e1s, al mantener una temperatura constante, el chocolate conserva su textura suave y brillante, ideal para un acabado profesional.<\/p>\n\n\n\n<h3 class=\"wp-block-heading\"><strong>Planificaci\u00f3n anticipada: clave para el \u00e9xito<\/strong><\/h3>\n\n\n\n<p>San Valent\u00edn es una de las fechas m\u00e1s concurridas para negocios de reposter\u00eda y pasteler\u00eda, por lo que planificar con antelaci\u00f3n es esencial para evitar contratiempos. Aqu\u00ed te dejamos algunos consejos para prepararte:<\/p>\n\n\n\n<ol class=\"wp-block-list\">\n<li>Dise\u00f1a un men\u00fa tem\u00e1tico\n<ul class=\"wp-block-list\">\n<li>Incluye opciones rom\u00e1nticas como tartas personalizadas, copas de fresas con nata y gofres decorados.<\/li>\n<\/ul>\n<\/li>\n\n\n\n<li>Invierte en herramientas profesionales\n<ul class=\"wp-block-list\">\n<li>Equipos como la montadora de nata<a href=\"https:\/\/cremaldi.com\/maquinas-pasteleria\/21-mini-bako-mmb-montadora-de-nata-pasteleria.html\"> Mini Bako MMB <\/a>y el<a href=\"https:\/\/cremaldi.com\/maquinas-heladeria\/105-bano-maria-electrico-con-agua-3-gn-1-6.html\"> Ba\u00f1o Mar\u00eda el\u00e9ctrico<\/a> te ayudar\u00e1n a manejar la alta demanda con eficiencia.<\/li>\n<\/ul>\n<\/li>\n\n\n\n<li>Organiza tu equipo y recursos\n<ul class=\"wp-block-list\">\n<li>Aseg\u00farate de contar con suficiente personal y materia prima para cubrir todos los pedidos.<\/li>\n<\/ul>\n<\/li>\n\n\n\n<li>Ofrece opciones para llevar\n<ul class=\"wp-block-list\">\n<li>Dise\u00f1a presentaciones atractivas para postres que los clientes puedan regalar o disfrutar en casa.<\/li>\n<\/ul>\n<\/li>\n\n\n\n<li>Promociona tu men\u00fa con antelaci\u00f3n\n<ul class=\"wp-block-list\">\n<li>Utiliza redes sociales y carteles en tu local para dar a conocer tus opciones tem\u00e1ticas y atraer a m\u00e1s clientes.<\/li>\n<\/ul>\n<\/li>\n<\/ol>\n\n\n\n<h3 class=\"wp-block-heading\"><strong>Conclusi\u00f3n: Sorprende a tus clientes en San Valent\u00edn<\/strong><\/h3>\n\n\n\n<p>San Valent\u00edn es la oportunidad perfecta para innovar y destacar en el mercado de la reposter\u00eda. Con la combinaci\u00f3n de nata montada, chocolate y herramientas profesionales como la<a href=\"https:\/\/cremaldi.com\/maquinas-pasteleria\/21-mini-bako-mmb-montadora-de-nata-pasteleria.html\"> Mini Bako MMB <\/a>y el<a href=\"https:\/\/cremaldi.com\/maquinas-heladeria\/105-bano-maria-electrico-con-agua-3-gn-1-6.html\"> Ba\u00f1o Mar\u00eda el\u00e9ctrico<\/a>, puedes crear un men\u00fa San Valent\u00edn \u00fanico que enamore a tus clientes.<\/p>\n\n\n\n<p>No dejes pasar esta oportunidad para ofrecer postres irresistibles que combinen calidad, innovaci\u00f3n y romanticismo. La clave est\u00e1 en los detalles, y con las herramientas adecuadas, puedes transformar tu pasteler\u00eda en el lugar favorito de los enamorados. \u00a1Prep\u00e1rate para un San Valent\u00edn lleno de dulzura y \u00e9xito con <a href=\"https:\/\/cremaldi.com\/\">Cr\u00eamaldi<\/a>!<\/p>\n\n\n\n<p><\/p>\n","protected":false},"excerpt":{"rendered":"<p>El D\u00eda de San Valent\u00edn es la fecha perfecta para que los negocios de reposter\u00eda y pasteler\u00eda destaquen ofreciendo creaciones [&hellip;]<\/p>\n","protected":false},"author":3,"featured_media":95,"comment_status":"closed","ping_status":"closed","sticky":false,"template":"","format":"standard","meta":{"inline_featured_image":false,"site-sidebar-layout":"default","site-content-layout":"","ast-site-content-layout":"","site-content-style":"default","site-sidebar-style":"default","ast-global-header-display":"","ast-banner-title-visibility":"","ast-main-header-display":"","ast-hfb-above-header-display":"","ast-hfb-below-header-display":"","ast-hfb-mobile-header-display":"","site-post-title":"","ast-breadcrumbs-content":"","ast-featured-img":"","footer-sml-layout":"","theme-transparent-header-meta":"","adv-header-id-meta":"","stick-header-meta":"","header-above-stick-meta":"","header-main-stick-meta":"","header-below-stick-meta":"","astra-migrate-meta-layouts":"default","ast-page-background-enabled":"default","ast-page-background-meta":{"desktop":{"background-color":"var(--ast-global-color-4)","background-image":"","background-repeat":"repeat","background-position":"center center","background-size":"auto","background-attachment":"scroll","background-type":"","background-media":"","overlay-type":"","overlay-color":"","overlay-gradient":""},"tablet":{"background-color":"","background-image":"","background-repeat":"repeat","background-position":"center center","background-size":"auto","background-attachment":"scroll","background-type":"","background-media":"","overlay-type":"","overlay-color":"","overlay-gradient":""},"mobile":{"background-color":"","background-image":"","background-repeat":"repeat","background-position":"center center","background-size":"auto","background-attachment":"scroll","background-type":"","background-media":"","overlay-type":"","overlay-color":"","overlay-gradient":""}},"ast-content-background-meta":{"desktop":{"background-color":"var(--ast-global-color-5)","background-image":"","background-repeat":"repeat","background-position":"center center","background-size":"auto","background-attachment":"scroll","background-type":"","background-media":"","overlay-type":"","overlay-color":"","overlay-gradient":""},"tablet":{"background-color":"var(--ast-global-color-5)","background-image":"","background-repeat":"repeat","background-position":"center center","background-size":"auto","background-attachment":"scroll","background-type":"","background-media":"","overlay-type":"","overlay-color":"","overlay-gradient":""},"mobile":{"background-color":"var(--ast-global-color-5)","background-image":"","background-repeat":"repeat","background-position":"center center","background-size":"auto","background-attachment":"scroll","background-type":"","background-media":"","overlay-type":"","overlay-color":"","overlay-gradient":""}},"footnotes":""},"categories":[16,5],"tags":[10,13,6,9,8,7,19],"class_list":["post-94","post","type-post","status-publish","format-standard","has-post-thumbnail","hentry","category-maquinas-de-pasteleria","category-montadora-de-nata","tag-cremaldi","tag-hosteleria","tag-montadoras-de-nata","tag-montadoras-de-nata-cremaldi","tag-montadoras-de-nata-profesional","tag-nata-pastelera","tag-san-valentin"],"yoast_head":"<!-- This site is optimized with the Yoast SEO plugin v25.4 - https:\/\/yoast.com\/wordpress\/plugins\/seo\/ -->\n<title>Men\u00fa San Valent\u00edn: La nata montada puede marcar la diferencia<\/title>\n<meta name=\"description\" content=\"El D\u00eda de San Valent\u00edn es la fecha perfecta para que tu negocio destaque con creaciones rom\u00e1nticas, siempre con un toque de nata montada.\" \/>\n<meta name=\"robots\" content=\"index, follow, max-snippet:-1, max-image-preview:large, max-video-preview:-1\" \/>\n<link rel=\"canonical\" href=\"https:\/\/cremaldi.com\/blog\/san-valentin-y-nata-montada\/\" \/>\n<meta property=\"og:locale\" content=\"es_ES\" \/>\n<meta property=\"og:type\" content=\"article\" \/>\n<meta property=\"og:title\" content=\"Men\u00fa San Valent\u00edn: La nata montada puede marcar la diferencia\" \/>\n<meta property=\"og:description\" content=\"El D\u00eda de San Valent\u00edn es la fecha perfecta para que tu negocio destaque con creaciones rom\u00e1nticas, siempre con un toque de nata montada.\" \/>\n<meta property=\"og:url\" content=\"https:\/\/cremaldi.com\/blog\/san-valentin-y-nata-montada\/\" \/>\n<meta property=\"og:site_name\" content=\"Cremaldi\" \/>\n<meta property=\"article:published_time\" content=\"2025-01-24T11:37:05+00:00\" \/>\n<meta property=\"article:modified_time\" content=\"2025-07-09T09:59:02+00:00\" \/>\n<meta property=\"og:image\" content=\"https:\/\/cremaldi.com\/blog\/wp-content\/uploads\/2025\/01\/ENERO-CREMALDI-1024x512.png\" \/>\n\t<meta property=\"og:image:width\" content=\"1024\" \/>\n\t<meta property=\"og:image:height\" content=\"512\" \/>\n\t<meta property=\"og:image:type\" content=\"image\/png\" \/>\n<meta name=\"author\" content=\"cremaldi\" \/>\n<meta name=\"twitter:card\" content=\"summary_large_image\" \/>\n<meta name=\"twitter:label1\" content=\"Escrito por\" \/>\n\t<meta name=\"twitter:data1\" content=\"cremaldi\" \/>\n\t<meta name=\"twitter:label2\" content=\"Tiempo de lectura\" \/>\n\t<meta name=\"twitter:data2\" content=\"1 minuto\" \/>\n<script type=\"application\/ld+json\" class=\"yoast-schema-graph\">{\"@context\":\"https:\/\/schema.org\",\"@graph\":[{\"@type\":\"Article\",\"@id\":\"https:\/\/cremaldi.com\/blog\/san-valentin-y-nata-montada\/#article\",\"isPartOf\":{\"@id\":\"https:\/\/cremaldi.com\/blog\/san-valentin-y-nata-montada\/\"},\"author\":{\"name\":\"cremaldi\",\"@id\":\"https:\/\/cremaldi.com\/blog\/#\/schema\/person\/721b0af4a3965e77b1ac0eab7c759342\"},\"headline\":\"San Valent\u00edn: La nata montada puede marcar la diferencia en tu men\u00fa\",\"datePublished\":\"2025-01-24T11:37:05+00:00\",\"dateModified\":\"2025-07-09T09:59:02+00:00\",\"mainEntityOfPage\":{\"@id\":\"https:\/\/cremaldi.com\/blog\/san-valentin-y-nata-montada\/\"},\"wordCount\":940,\"publisher\":{\"@id\":\"https:\/\/cremaldi.com\/blog\/#organization\"},\"image\":{\"@id\":\"https:\/\/cremaldi.com\/blog\/san-valentin-y-nata-montada\/#primaryimage\"},\"thumbnailUrl\":\"https:\/\/cremaldi.com\/blog\/wp-content\/uploads\/2025\/01\/ENERO-CREMALDI.png\",\"keywords\":[\"Cremaldi\",\"Hosteler\u00eda\",\"Montadoras de Nata\",\"montadoras de nata cremaldi\",\"Montadoras de nata profesional\",\"Nata pastelera\",\"San Valent\u00edn\"],\"articleSection\":[\"M\u00e1quinas de Pasteler\u00eda\",\"Montadora de nata\"],\"inLanguage\":\"es\"},{\"@type\":\"WebPage\",\"@id\":\"https:\/\/cremaldi.com\/blog\/san-valentin-y-nata-montada\/\",\"url\":\"https:\/\/cremaldi.com\/blog\/san-valentin-y-nata-montada\/\",\"name\":\"Men\u00fa San Valent\u00edn: La nata montada puede marcar la diferencia\",\"isPartOf\":{\"@id\":\"https:\/\/cremaldi.com\/blog\/#website\"},\"primaryImageOfPage\":{\"@id\":\"https:\/\/cremaldi.com\/blog\/san-valentin-y-nata-montada\/#primaryimage\"},\"image\":{\"@id\":\"https:\/\/cremaldi.com\/blog\/san-valentin-y-nata-montada\/#primaryimage\"},\"thumbnailUrl\":\"https:\/\/cremaldi.com\/blog\/wp-content\/uploads\/2025\/01\/ENERO-CREMALDI.png\",\"datePublished\":\"2025-01-24T11:37:05+00:00\",\"dateModified\":\"2025-07-09T09:59:02+00:00\",\"description\":\"El D\u00eda de San Valent\u00edn es la fecha perfecta para que tu negocio destaque con creaciones rom\u00e1nticas, siempre con un toque de nata montada.\",\"breadcrumb\":{\"@id\":\"https:\/\/cremaldi.com\/blog\/san-valentin-y-nata-montada\/#breadcrumb\"},\"inLanguage\":\"es\",\"potentialAction\":[{\"@type\":\"ReadAction\",\"target\":[\"https:\/\/cremaldi.com\/blog\/san-valentin-y-nata-montada\/\"]}]},{\"@type\":\"ImageObject\",\"inLanguage\":\"es\",\"@id\":\"https:\/\/cremaldi.com\/blog\/san-valentin-y-nata-montada\/#primaryimage\",\"url\":\"https:\/\/cremaldi.com\/blog\/wp-content\/uploads\/2025\/01\/ENERO-CREMALDI.png\",\"contentUrl\":\"https:\/\/cremaldi.com\/blog\/wp-content\/uploads\/2025\/01\/ENERO-CREMALDI.png\",\"width\":6912,\"height\":3456,\"caption\":\"San Valent\u00edn y nata montada\"},{\"@type\":\"BreadcrumbList\",\"@id\":\"https:\/\/cremaldi.com\/blog\/san-valentin-y-nata-montada\/#breadcrumb\",\"itemListElement\":[{\"@type\":\"ListItem\",\"position\":1,\"name\":\"Portada\",\"item\":\"https:\/\/cremaldi.com\/blog\/\"},{\"@type\":\"ListItem\",\"position\":2,\"name\":\"San Valent\u00edn: La nata montada puede marcar la diferencia en tu men\u00fa\"}]},{\"@type\":\"WebSite\",\"@id\":\"https:\/\/cremaldi.com\/blog\/#website\",\"url\":\"https:\/\/cremaldi.com\/blog\/\",\"name\":\"Cremaldi\",\"description\":\"Blog de Cremaldi. Noticias e informaci&oacute;n relacionada con el mundo de la pasteler&iacute;a.\",\"publisher\":{\"@id\":\"https:\/\/cremaldi.com\/blog\/#organization\"},\"potentialAction\":[{\"@type\":\"SearchAction\",\"target\":{\"@type\":\"EntryPoint\",\"urlTemplate\":\"https:\/\/cremaldi.com\/blog\/?s={search_term_string}\"},\"query-input\":{\"@type\":\"PropertyValueSpecification\",\"valueRequired\":true,\"valueName\":\"search_term_string\"}}],\"inLanguage\":\"es\"},{\"@type\":\"Organization\",\"@id\":\"https:\/\/cremaldi.com\/blog\/#organization\",\"name\":\"Cremaldi\",\"url\":\"https:\/\/cremaldi.com\/blog\/\",\"logo\":{\"@type\":\"ImageObject\",\"inLanguage\":\"es\",\"@id\":\"https:\/\/cremaldi.com\/blog\/#\/schema\/logo\/image\/\",\"url\":\"https:\/\/cremaldi.com\/blog\/wp-content\/uploads\/2024\/03\/logo-cremaldi-1.svg\",\"contentUrl\":\"https:\/\/cremaldi.com\/blog\/wp-content\/uploads\/2024\/03\/logo-cremaldi-1.svg\",\"width\":145,\"height\":43,\"caption\":\"Cremaldi\"},\"image\":{\"@id\":\"https:\/\/cremaldi.com\/blog\/#\/schema\/logo\/image\/\"}},{\"@type\":\"Person\",\"@id\":\"https:\/\/cremaldi.com\/blog\/#\/schema\/person\/721b0af4a3965e77b1ac0eab7c759342\",\"name\":\"cremaldi\",\"image\":{\"@type\":\"ImageObject\",\"inLanguage\":\"es\",\"@id\":\"https:\/\/cremaldi.com\/blog\/#\/schema\/person\/image\/\",\"url\":\"https:\/\/secure.gravatar.com\/avatar\/b34bb9b5eff153b190bd55005f717ace682bea4f774fdf46326240b4ec663afa?s=96&d=mm&r=g\",\"contentUrl\":\"https:\/\/secure.gravatar.com\/avatar\/b34bb9b5eff153b190bd55005f717ace682bea4f774fdf46326240b4ec663afa?s=96&d=mm&r=g\",\"caption\":\"cremaldi\"},\"url\":\"https:\/\/cremaldi.com\/blog\/author\/cremaldi\/\"}]}<\/script>\n<!-- \/ Yoast SEO plugin. -->","yoast_head_json":{"title":"Men\u00fa San Valent\u00edn: La nata montada puede marcar la diferencia","description":"El D\u00eda de San Valent\u00edn es la fecha perfecta para que tu negocio destaque con creaciones rom\u00e1nticas, siempre con un toque de nata montada.","robots":{"index":"index","follow":"follow","max-snippet":"max-snippet:-1","max-image-preview":"max-image-preview:large","max-video-preview":"max-video-preview:-1"},"canonical":"https:\/\/cremaldi.com\/blog\/san-valentin-y-nata-montada\/","og_locale":"es_ES","og_type":"article","og_title":"Men\u00fa San Valent\u00edn: La nata montada puede marcar la diferencia","og_description":"El D\u00eda de San Valent\u00edn es la fecha perfecta para que tu negocio destaque con creaciones rom\u00e1nticas, siempre con un toque de nata montada.","og_url":"https:\/\/cremaldi.com\/blog\/san-valentin-y-nata-montada\/","og_site_name":"Cremaldi","article_published_time":"2025-01-24T11:37:05+00:00","article_modified_time":"2025-07-09T09:59:02+00:00","og_image":[{"width":1024,"height":512,"url":"https:\/\/cremaldi.com\/blog\/wp-content\/uploads\/2025\/01\/ENERO-CREMALDI-1024x512.png","type":"image\/png"}],"author":"cremaldi","twitter_card":"summary_large_image","twitter_misc":{"Escrito por":"cremaldi","Tiempo de lectura":"1 minuto"},"schema":{"@context":"https:\/\/schema.org","@graph":[{"@type":"Article","@id":"https:\/\/cremaldi.com\/blog\/san-valentin-y-nata-montada\/#article","isPartOf":{"@id":"https:\/\/cremaldi.com\/blog\/san-valentin-y-nata-montada\/"},"author":{"name":"cremaldi","@id":"https:\/\/cremaldi.com\/blog\/#\/schema\/person\/721b0af4a3965e77b1ac0eab7c759342"},"headline":"San Valent\u00edn: La nata montada puede marcar la diferencia en tu men\u00fa","datePublished":"2025-01-24T11:37:05+00:00","dateModified":"2025-07-09T09:59:02+00:00","mainEntityOfPage":{"@id":"https:\/\/cremaldi.com\/blog\/san-valentin-y-nata-montada\/"},"wordCount":940,"publisher":{"@id":"https:\/\/cremaldi.com\/blog\/#organization"},"image":{"@id":"https:\/\/cremaldi.com\/blog\/san-valentin-y-nata-montada\/#primaryimage"},"thumbnailUrl":"https:\/\/cremaldi.com\/blog\/wp-content\/uploads\/2025\/01\/ENERO-CREMALDI.png","keywords":["Cremaldi","Hosteler\u00eda","Montadoras de Nata","montadoras de nata cremaldi","Montadoras de nata profesional","Nata pastelera","San Valent\u00edn"],"articleSection":["M\u00e1quinas de Pasteler\u00eda","Montadora de nata"],"inLanguage":"es"},{"@type":"WebPage","@id":"https:\/\/cremaldi.com\/blog\/san-valentin-y-nata-montada\/","url":"https:\/\/cremaldi.com\/blog\/san-valentin-y-nata-montada\/","name":"Men\u00fa San Valent\u00edn: La nata montada puede marcar la diferencia","isPartOf":{"@id":"https:\/\/cremaldi.com\/blog\/#website"},"primaryImageOfPage":{"@id":"https:\/\/cremaldi.com\/blog\/san-valentin-y-nata-montada\/#primaryimage"},"image":{"@id":"https:\/\/cremaldi.com\/blog\/san-valentin-y-nata-montada\/#primaryimage"},"thumbnailUrl":"https:\/\/cremaldi.com\/blog\/wp-content\/uploads\/2025\/01\/ENERO-CREMALDI.png","datePublished":"2025-01-24T11:37:05+00:00","dateModified":"2025-07-09T09:59:02+00:00","description":"El D\u00eda de San Valent\u00edn es la fecha perfecta para que tu negocio destaque con creaciones rom\u00e1nticas, siempre con un toque de nata montada.","breadcrumb":{"@id":"https:\/\/cremaldi.com\/blog\/san-valentin-y-nata-montada\/#breadcrumb"},"inLanguage":"es","potentialAction":[{"@type":"ReadAction","target":["https:\/\/cremaldi.com\/blog\/san-valentin-y-nata-montada\/"]}]},{"@type":"ImageObject","inLanguage":"es","@id":"https:\/\/cremaldi.com\/blog\/san-valentin-y-nata-montada\/#primaryimage","url":"https:\/\/cremaldi.com\/blog\/wp-content\/uploads\/2025\/01\/ENERO-CREMALDI.png","contentUrl":"https:\/\/cremaldi.com\/blog\/wp-content\/uploads\/2025\/01\/ENERO-CREMALDI.png","width":6912,"height":3456,"caption":"San Valent\u00edn y nata montada"},{"@type":"BreadcrumbList","@id":"https:\/\/cremaldi.com\/blog\/san-valentin-y-nata-montada\/#breadcrumb","itemListElement":[{"@type":"ListItem","position":1,"name":"Portada","item":"https:\/\/cremaldi.com\/blog\/"},{"@type":"ListItem","position":2,"name":"San Valent\u00edn: La nata montada puede marcar la diferencia en tu men\u00fa"}]},{"@type":"WebSite","@id":"https:\/\/cremaldi.com\/blog\/#website","url":"https:\/\/cremaldi.com\/blog\/","name":"Cremaldi","description":"Blog de Cremaldi. Noticias e informaci&oacute;n relacionada con el mundo de la pasteler&iacute;a.","publisher":{"@id":"https:\/\/cremaldi.com\/blog\/#organization"},"potentialAction":[{"@type":"SearchAction","target":{"@type":"EntryPoint","urlTemplate":"https:\/\/cremaldi.com\/blog\/?s={search_term_string}"},"query-input":{"@type":"PropertyValueSpecification","valueRequired":true,"valueName":"search_term_string"}}],"inLanguage":"es"},{"@type":"Organization","@id":"https:\/\/cremaldi.com\/blog\/#organization","name":"Cremaldi","url":"https:\/\/cremaldi.com\/blog\/","logo":{"@type":"ImageObject","inLanguage":"es","@id":"https:\/\/cremaldi.com\/blog\/#\/schema\/logo\/image\/","url":"https:\/\/cremaldi.com\/blog\/wp-content\/uploads\/2024\/03\/logo-cremaldi-1.svg","contentUrl":"https:\/\/cremaldi.com\/blog\/wp-content\/uploads\/2024\/03\/logo-cremaldi-1.svg","width":145,"height":43,"caption":"Cremaldi"},"image":{"@id":"https:\/\/cremaldi.com\/blog\/#\/schema\/logo\/image\/"}},{"@type":"Person","@id":"https:\/\/cremaldi.com\/blog\/#\/schema\/person\/721b0af4a3965e77b1ac0eab7c759342","name":"cremaldi","image":{"@type":"ImageObject","inLanguage":"es","@id":"https:\/\/cremaldi.com\/blog\/#\/schema\/person\/image\/","url":"https:\/\/secure.gravatar.com\/avatar\/b34bb9b5eff153b190bd55005f717ace682bea4f774fdf46326240b4ec663afa?s=96&d=mm&r=g","contentUrl":"https:\/\/secure.gravatar.com\/avatar\/b34bb9b5eff153b190bd55005f717ace682bea4f774fdf46326240b4ec663afa?s=96&d=mm&r=g","caption":"cremaldi"},"url":"https:\/\/cremaldi.com\/blog\/author\/cremaldi\/"}]}},"_links":{"self":[{"href":"https:\/\/cremaldi.com\/blog\/wp-json\/wp\/v2\/posts\/94","targetHints":{"allow":["GET"]}}],"collection":[{"href":"https:\/\/cremaldi.com\/blog\/wp-json\/wp\/v2\/posts"}],"about":[{"href":"https:\/\/cremaldi.com\/blog\/wp-json\/wp\/v2\/types\/post"}],"author":[{"embeddable":true,"href":"https:\/\/cremaldi.com\/blog\/wp-json\/wp\/v2\/users\/3"}],"replies":[{"embeddable":true,"href":"https:\/\/cremaldi.com\/blog\/wp-json\/wp\/v2\/comments?post=94"}],"version-history":[{"count":1,"href":"https:\/\/cremaldi.com\/blog\/wp-json\/wp\/v2\/posts\/94\/revisions"}],"predecessor-version":[{"id":96,"href":"https:\/\/cremaldi.com\/blog\/wp-json\/wp\/v2\/posts\/94\/revisions\/96"}],"wp:featuredmedia":[{"embeddable":true,"href":"https:\/\/cremaldi.com\/blog\/wp-json\/wp\/v2\/media\/95"}],"wp:attachment":[{"href":"https:\/\/cremaldi.com\/blog\/wp-json\/wp\/v2\/media?parent=94"}],"wp:term":[{"taxonomy":"category","embeddable":true,"href":"https:\/\/cremaldi.com\/blog\/wp-json\/wp\/v2\/categories?post=94"},{"taxonomy":"post_tag","embeddable":true,"href":"https:\/\/cremaldi.com\/blog\/wp-json\/wp\/v2\/tags?post=94"}],"curies":[{"name":"wp","href":"https:\/\/api.w.org\/{rel}","templated":true}]}}